{"id":23050,"date":"2024-05-06T20:44:56","date_gmt":"2024-05-06T18:44:56","guid":{"rendered":"https:\/\/heliadprofessional.com\/?p=23050"},"modified":"2024-05-07T19:39:48","modified_gmt":"2024-05-07T17:39:48","slug":"mezoterapias-sorozat-telen-nyaron","status":"publish","type":"post","link":"https:\/\/heliadprofessional.com\/hu\/mezoterapias-sorozat-telen-nyaron\/","title":{"rendered":"Mezoter\u00e1pi\u00e1s sorozat t\u00e9len-ny\u00e1ron"},"content":{"rendered":"<div class=\"fusion-fullwidth fullwidth-box fusion-builder-row-1 has-pattern-background has-mask-background hundred-percent-fullwidth non-hundred-percent-height-scrolling\" style=\"--awb-border-radius-top-left:0px;--awb-border-radius-top-right:0px;--awb-border-radius-bottom-right:0px;--awb-border-radius-bottom-left:0px;--awb-flex-wrap:wrap;\" ><div class=\"fusion-builder-row fusion-row\"><div class=\"fusion-layout-column fusion_builder_column fusion-builder-column-0 fusion_builder_column_1_1 1_1 fusion-one-full fusion-column-first fusion-column-last\" style=\"--awb-bg-size:cover;--awb-margin-bottom:25px;\" data-scroll-devices=\"small-visibility,medium-visibility,large-visibility\"><div class=\"fusion-column-wrapper fusion-column-has-shadow fusion-flex-column-wrapper-legacy\"><div class=\"fusion-text fusion-text-1\"><p><em>Beauty Magazin online megjelen\u00e9s 2024 m\u00e1jus 3.<\/em><\/p>\n<p><strong>Mezoter\u00e1pi\u00e1s sorozatunkban felhaszn\u00e1ltuk a leg\u00fajabb kozmetikai jelleg\u0171 kutat\u00e1sok eredm\u00e9nyeit: olyan peptideket \u00e9s r\u00e1nctalan\u00edt\u00f3 hat\u00f3anyagokat, amelyek seg\u00edts\u00e9g\u00e9vel a t\u0171 n\u00e9lk\u00fcli mezoter\u00e1pi\u00e1s kezel\u00e9sek sor\u00e1n l\u00e1tv\u00e1nyos sikereket \u00e9rhet\u00fcnk el.<\/strong><\/p>\n<p>A\u00a0<a href=\"https:\/\/www.helia-d.hu\/Helia-D-professional-marka-termekek\" target=\"_blank\" rel=\"noopener\">Helia-D Professional\u00a0<\/a>Mezoter\u00e1pi\u00e1s sorozatunkban felhaszn\u00e1ltuk a leg\u00fajabb kozmetikai jelleg\u0171 kutat\u00e1sok eredm\u00e9nyeit: olyan peptidet \u00e9s r\u00e1nctalan\u00edt\u00f3 hat\u00f3anyagokat, amelyek seg\u00edts\u00e9g\u00e9vel a t\u0171 n\u00e9lk\u00fcli mezoter\u00e1pi\u00e1s kezel\u00e9sek sor\u00e1n l\u00e1tv\u00e1nyos sikereket \u00e9rhet\u00fcnk el.\u00a0 \u00cdgy esett a v\u00e1laszt\u00e1s a Progeline\u2122-re \u00e9s az Adipofill\u2019in\u2122-re, amelyek 2012-ben a legjobb innovat\u00edv kozmetikai hat\u00f3anyag d\u00edj\u00e1t nyert\u00e9k el.<\/p>\n<blockquote>\n<p>Az \u00f6reged\u00e9s elleni harc nem csak arr\u00f3l sz\u00f3l, hogy az \u00f6reged\u00e9s jelei ellen harcolunk, hanem az \u00f6reged\u00e9s folyamat\u00e1t is k\u00e9sleltetj\u00fck<\/p>\n<\/blockquote>\n<h3><strong>A mezoter\u00e1pia el\u0151nyei<\/strong><\/h3>\n<p>A b\u0151r \u00f6reged\u00e9se a harmincas \u00e9veinkben kezd\u0151dik, de egy\u00e9nenk\u00e9nt v\u00e1ltoz\u00f3, hogy kin\u00e9l mikor v\u00e1lik l\u00e1tv\u00e1nyoss\u00e1 az id\u0151 m\u00fal\u00e1sa. Ebben a genetikai adotts\u00e1gok mellett nagy szerepe van p\u00e9ld\u00e1ul a stressznek, az \u00e9letm\u00f3dnak \u00e9s a t\u00e1pl\u00e1lkoz\u00e1snak. Az \u00e9letkor el\u0151rehaladt\u00e1val cs\u00f6kken a kollag\u00e9n \u00e9s az elasztin szintje, valamint az arc ter\u00fclet\u00e9n l\u00e9v\u0151 zs\u00edrsz\u00f6vet cs\u00f6kken\u00e9se miatt a b\u0151rsz\u00f6vet megereszkedik. Az arcb\u0151r \u00f6reged\u00e9se \u00e9s megereszked\u00e9se id\u0151vel mindenkin\u00e9l bek\u00f6vetkezik, azonban a mai professzion\u00e1lis kezel\u00e9sekkel a kedvez\u0151tlen folyamat l\u00e1tv\u00e1nyosan lass\u00edthat\u00f3.<\/p>\n<p>A k\u00f6t\u0151sz\u00f6vetbe juttatott mezoter\u00e1pi\u00e1s hat\u00f3anyagok r\u00e9v\u00e9n l\u00e1tv\u00e1nyos \u00e9s hosszantart\u00f3 hat\u00e1s \u00e9rhet\u0151 el. Az anyagok term\u00e9szetazonosak, \u00edgy allergi\u00e1s reakci\u00f3 csak elv\u00e9tve alakul ki. A mezoter\u00e1pia el\u0151nye, hogy j\u00f3l kombin\u00e1lhat\u00f3 m\u00e1s b\u0151rfiatal\u00edt\u00f3 elj\u00e1r\u00e1sokkal is. Ismert mell\u00e9khat\u00e1sa nincsen, ez\u00e9rt a kezel\u00e9s k\u00faraszer\u0171en, \u00e9s fenntart\u00f3 kezel\u00e9sk\u00e9nt ism\u00e9telhet\u0151.<\/p>\n<h3><strong>Kinek aj\u00e1nlott a mezoter\u00e1pi\u00e1s kezel\u00e9s?<\/strong><\/h3>\n<p>A mezoter\u00e1pi\u00e1s kezel\u00e9s b\u00e1rki sz\u00e1m\u00e1ra aj\u00e1nlhat\u00f3 18-70 \u00e9v k\u00f6z\u00f6tt: egyr\u00e9szt a fiatalabb koroszt\u00e1ly sz\u00e1m\u00e1ra megel\u0151z\u00e9si c\u00e9llal, m\u00e1sr\u00e9szt az adott b\u0151rprobl\u00e9ma kezel\u00e9s\u00e9re, valamint id\u0151sebb korban a m\u00e1r kialakult elv\u00e1ltoz\u00e1sok kezel\u00e9s\u00e9re egyar\u00e1nt. Mivel nincs f\u00e9ny\u00e9rz\u00e9keny\u00edt\u0151 hat\u00e1sa, a kezel\u00e9s b\u00e1rmikor v\u00e9gezhet\u0151 megfelel\u0151 f\u00e9nyv\u00e9delem mellett.<\/p>\n<h3><strong>Mi\u00e9rt fontos a megel\u0151z\u00e9si c\u00e9l\u00fa kezel\u00e9s?<\/strong><\/h3>\n<p>A kollag\u00e9n termel\u0151d\u00e9se m\u00e1r a \u201920-as, \u201930-as \u00e9veinkben elkezd cs\u00f6kkenni, \u00e9s az els\u0151 r\u00e1ncok megjelen\u00e9se jelzi a k\u00f6t\u0151sz\u00f6vet gyeng\u00fcl\u00e9s\u00e9t. Az \u00f6reged\u00e9s jelei legink\u00e1bb az arcon l\u00e1tv\u00e1nyosak, mivel a b\u0151r itt a legv\u00e9konyabb. A megel\u0151z\u00e9si c\u00e9l\u00fa mezoter\u00e1pi\u00e1s kezel\u00e9snek az \u00f6reged\u00e9si folyamat meg\u00e1ll\u00edt\u00e1s\u00e1ban \u00e9s lass\u00edt\u00e1s\u00e1ban van szerepe. Az id\u0151ben megkezdett kezel\u00e9ssel term\u00e9szetes m\u00f3don serkenthet\u0151 a kollag\u00e9n termel\u00e9se, \u00e9s sz\u00e1mottev\u0151en kitolhat\u00f3 a b\u0151r \u00f6reged\u00e9se.<\/p>\n<p><strong>A Helia-D Professional mezoter\u00e1pi\u00e1s sorozat tagjai \u00e9s hat\u00f3anyagai:<\/strong><\/p>\n<ul>\n<li>C-vitaminos enzimes peeling<br \/>\nHat\u00f3anyagai: Actizyme GL, C-vitamin, Sheavaj<\/li>\n<li>Peptides \u00e9s \u0150ssejtes Mezo Ampulla<br \/>\nHat\u00f3anyagai: Adipofill\u2019in, Hyaluronsav, Progeline, PhytocellTec Argan<\/li>\n<li>Peptides \u00e9s \u0150ssejtes mezo Koncentr\u00e1tum<br \/>\nHat\u00f3anyagai: Borosty\u00e1n kivonat, Hyaluronsav, Progeline, PhytocellTec Argan, Hydroveg VV<\/li>\n<li>Peptides \u00e9s \u0150ssejtes Kr\u00e9mpakol\u00e1s<br \/>\nHat\u00f3anyagai: K\u00f6r\u00f6mvir\u00e1golaj, Ligetsz\u00e9pe olaj, PhytoCellTec Argan, Progeline, Sheavaj<\/li>\n<li>\u00a0Peptides Szemr\u00e1nckr\u00e9m<br \/>\nHat\u00f3anyagai: Hyaluronsav, Caffeine, APM C-vitamin, EPS Seafill, Matrixyl 3000, Argireline<\/li>\n<\/ul>\n<\/div><div class=\"fusion-clearfix\"><\/div><\/div><\/div><div class=\"fusion-layout-column fusion_builder_column fusion-builder-column-1 fusion_builder_column_1_2 1_2 fusion-one-half fusion-column-first\" style=\"--awb-bg-size:cover;--awb-margin-bottom:25px;width:48%; margin-right: 4%;\" data-scroll-devices=\"small-visibility,medium-visibility,large-visibility\"><div class=\"fusion-column-wrapper fusion-column-has-shadow fusion-flex-column-wrapper-legacy\"><div class=\"fusion-image-element in-legacy-container\" style=\"--awb-caption-title-font-family:var(--h2_typography-font-family);--awb-caption-title-font-weight:var(--h2_typography-font-weight);--awb-caption-title-font-style:var(--h2_typography-font-style);--awb-caption-title-size:var(--h2_typography-font-size);--awb-caption-title-transform:var(--h2_typography-text-transform);--awb-caption-title-line-height:var(--h2_typography-line-height);--awb-caption-title-letter-spacing:var(--h2_typography-letter-spacing);\"><span class=\" fusion-imageframe imageframe-none imageframe-1 hover-type-none\"><img decoding=\"async\" width=\"640\" height=\"507\" title=\"hd_prof_mezoterapia_c-vitamin_enzim_krem-1-640&#215;507\" src=\"https:\/\/heliadprofessional.com\/wp-content\/uploads\/2024\/05\/hd_prof_mezoterapia_c-vitamin_enzim_krem-1-640x507-1.png\" alt class=\"img-responsive wp-image-23047\" srcset=\"https:\/\/heliadprofessional.com\/wp-content\/uploads\/2024\/05\/hd_prof_mezoterapia_c-vitamin_enzim_krem-1-640x507-1-200x158.png 200w, https:\/\/heliadprofessional.com\/wp-content\/uploads\/2024\/05\/hd_prof_mezoterapia_c-vitamin_enzim_krem-1-640x507-1-400x317.png 400w, https:\/\/heliadprofessional.com\/wp-content\/uploads\/2024\/05\/hd_prof_mezoterapia_c-vitamin_enzim_krem-1-640x507-1-600x475.png 600w, https:\/\/heliadprofessional.com\/wp-content\/uploads\/2024\/05\/hd_prof_mezoterapia_c-vitamin_enzim_krem-1-640x507-1.png 640w\" sizes=\"(max-width: 800px) 100vw, 600px\" \/><\/span><\/div><div class=\"fusion-clearfix\"><\/div><\/div><\/div><div class=\"fusion-layout-column fusion_builder_column fusion-builder-column-2 fusion_builder_column_1_2 1_2 fusion-one-half fusion-column-last\" style=\"--awb-bg-size:cover;--awb-margin-bottom:25px;width:48%;\" data-scroll-devices=\"small-visibility,medium-visibility,large-visibility\"><div class=\"fusion-column-wrapper fusion-column-has-shadow fusion-flex-column-wrapper-legacy\"><div class=\"fusion-image-element in-legacy-container\" style=\"--awb-caption-title-font-family:var(--h2_typography-font-family);--awb-caption-title-font-weight:var(--h2_typography-font-weight);--awb-caption-title-font-style:var(--h2_typography-font-style);--awb-caption-title-size:var(--h2_typography-font-size);--awb-caption-title-transform:var(--h2_typography-text-transform);--awb-caption-title-line-height:var(--h2_typography-line-height);--awb-caption-title-letter-spacing:var(--h2_typography-letter-spacing);\"><span class=\" fusion-imageframe imageframe-none imageframe-2 hover-type-none\"><img decoding=\"async\" width=\"640\" height=\"507\" title=\"hd_prof_peptides-es-ossejtes-krempakolas-640&#215;507\" src=\"https:\/\/heliadprofessional.com\/wp-content\/uploads\/2024\/05\/hd_prof_peptides-es-ossejtes-krempakolas-640x507-1.png\" alt class=\"img-responsive wp-image-23049\" srcset=\"https:\/\/heliadprofessional.com\/wp-content\/uploads\/2024\/05\/hd_prof_peptides-es-ossejtes-krempakolas-640x507-1-200x158.png 200w, https:\/\/heliadprofessional.com\/wp-content\/uploads\/2024\/05\/hd_prof_peptides-es-ossejtes-krempakolas-640x507-1-400x317.png 400w, https:\/\/heliadprofessional.com\/wp-content\/uploads\/2024\/05\/hd_prof_peptides-es-ossejtes-krempakolas-640x507-1-600x475.png 600w, https:\/\/heliadprofessional.com\/wp-content\/uploads\/2024\/05\/hd_prof_peptides-es-ossejtes-krempakolas-640x507-1.png 640w\" sizes=\"(max-width: 800px) 100vw, 600px\" \/><\/span><\/div><div class=\"fusion-clearfix\"><\/div><\/div><\/div><div class=\"fusion-layout-column fusion_builder_column fusion-builder-column-3 fusion_builder_column_1_1 1_1 fusion-one-full fusion-column-first fusion-column-last\" style=\"--awb-bg-size:cover;--awb-margin-bottom:25px;\" data-scroll-devices=\"small-visibility,medium-visibility,large-visibility\"><div class=\"fusion-column-wrapper fusion-column-has-shadow fusion-flex-column-wrapper-legacy\"><div class=\"fusion-text fusion-text-2\"><h3><strong>Kezel\u00e9si protokoll<\/strong><\/h3>\n<p>A t\u0171 n\u00e9lk\u00fcli mezoter\u00e1pi\u00e1s kezel\u00e9s sor\u00e1n az \u00f6reged\u00e9si folyamatokat szeretn\u00e9nk k\u00e9sleltetni \u00e9s l\u00e1tv\u00e1nyosan jav\u00edtani a b\u0151rk\u00e9pet. Ez a kezel\u00e9si program a term\u00e9kekben l\u00e9v\u0151 peptideknek Adipofill\u2019inTM \u00e9s a ProgelineTM, valamint n\u00f6v\u00e9nyi \u0151ssejteknek k\u00f6sz\u00f6nhet\u0151en a sejtek m\u00e9ly\u00e9be hatolva \u00fajj\u00e1\u00e9p\u00edti a b\u0151rt. A kezel\u00e9si protokoll elej\u00e9n egy kont\u00faremel\u0151 massz\u00e1zzsal is fokozzuk a hat\u00e9konys\u00e1got.<\/p>\n<\/div><div class=\"fusion-clearfix\"><\/div><\/div><\/div><div class=\"fusion-layout-column fusion_builder_column fusion-builder-column-4 fusion_builder_column_1_2 1_2 fusion-one-half fusion-column-first\" style=\"--awb-bg-size:cover;--awb-margin-bottom:25px;width:48%; margin-right: 4%;\" data-scroll-devices=\"small-visibility,medium-visibility,large-visibility\"><div class=\"fusion-column-wrapper fusion-column-has-shadow fusion-flex-column-wrapper-legacy\"><div class=\"fusion-text fusion-text-3\"><ul>\n<li>R\u00e1hangol\u00f3d\u00e1s<\/li>\n<li>Borogat\u00e1s<\/li>\n<li>Letiszt\u00edt\u00e1s: Hidrat\u00e1l\u00f3 tiszt\u00edt\u00f3 hab<\/li>\n<li>Peeling: C-Vitaminos enzimes peeling<\/li>\n<li>Toniz\u00e1l\u00e1s: Hidrat\u00e1l\u00f3 g\u00e9ltonik<\/li>\n<li>Massz\u00e1zs: 15-20 perc feszes\u00edt\u0151 massz\u00e1zskr\u00e9m \u2013 kont\u00faremel\u0151 speci\u00e1lis massz\u00e1zstechnik\u00e1val Borogat\u00e1s<\/li>\n<\/ul>\n<ul>\n<li>Fert\u0151tlen\u00edt\u00e9s: Teafaolajos g\u00e9ltonik<\/li>\n<li>Peptides \u00e9s \u0150ssejtes mezo ampulla \u2013 mezoter\u00e1pia<\/li>\n<li>Peptides \u00e9s \u0150ssejtes mezokoncentr\u00e1tum felhelyez\u00e9se \u2013 krioter\u00e1pia<\/li>\n<li>Peptides \u00e9s \u0150ssejtes kr\u00e9mpakol\u00e1s<\/li>\n<li>Karmassz\u00e1zs \u2013 B\u0151rsim\u00edt\u00f3 olaj<\/li>\n<li>Pakol\u00e1s elt\u00e1vol\u00edt\u00e1sa<\/li>\n<li>Hidrat\u00e1l\u00f3 g\u00e9ltonik<\/li>\n<li>C-Vitaminos sz\u00e9rum, vagy Granactive sz\u00e9rum 1% b\u0151rbe sim\u00edt\u00e1sa<\/li>\n<li>Peptides szemr\u00e1nckr\u00e9m<\/li>\n<li>Z\u00e1r\u00f3kr\u00e9m: C-Vitaminos lifting kr\u00e9m<\/li>\n<li>F\u00e9nyv\u00e9delem SPF 30 f\u00e9nyv\u00e9d\u0151 kr\u00e9m<\/li>\n<\/ul>\n<\/div><div class=\"fusion-clearfix\"><\/div><\/div><\/div><div class=\"fusion-layout-column fusion_builder_column fusion-builder-column-5 fusion_builder_column_1_2 1_2 fusion-one-half fusion-column-last\" style=\"--awb-bg-size:cover;--awb-margin-bottom:25px;width:48%;\" data-scroll-devices=\"small-visibility,medium-visibility,large-visibility\"><div class=\"fusion-column-wrapper fusion-column-has-shadow fusion-flex-column-wrapper-legacy\"><div class=\"fusion-image-element fusion-image-align-center in-legacy-container\" style=\"text-align:center;--awb-caption-title-font-family:var(--h2_typography-font-family);--awb-caption-title-font-weight:var(--h2_typography-font-weight);--awb-caption-title-font-style:var(--h2_typography-font-style);--awb-caption-title-size:var(--h2_typography-font-size);--awb-caption-title-transform:var(--h2_typography-text-transform);--awb-caption-title-line-height:var(--h2_typography-line-height);--awb-caption-title-letter-spacing:var(--h2_typography-letter-spacing);\"><div class=\"imageframe-align-center\"><span class=\" fusion-imageframe imageframe-none imageframe-3 hover-type-none\"><img decoding=\"async\" width=\"274\" height=\"640\" title=\"hd_prof_peptides-es-ossejtes-mezo-koncentratum-274&#215;640\" src=\"https:\/\/heliadprofessional.com\/wp-content\/uploads\/2024\/05\/hd_prof_peptides-es-ossejtes-mezo-koncentratum-274x640-1.png\" alt class=\"img-responsive wp-image-23045\" srcset=\"https:\/\/heliadprofessional.com\/wp-content\/uploads\/2024\/05\/hd_prof_peptides-es-ossejtes-mezo-koncentratum-274x640-1-200x467.png 200w, https:\/\/heliadprofessional.com\/wp-content\/uploads\/2024\/05\/hd_prof_peptides-es-ossejtes-mezo-koncentratum-274x640-1.png 274w\" sizes=\"(max-width: 800px) 100vw, 274px\" \/><\/span><\/div><\/div><div class=\"fusion-clearfix\"><\/div><\/div><\/div><div class=\"fusion-layout-column fusion_builder_column fusion-builder-column-6 fusion_builder_column_1_1 1_1 fusion-one-full fusion-column-first fusion-column-last\" style=\"--awb-bg-size:cover;--awb-margin-bottom:25px;\" data-scroll-devices=\"small-visibility,medium-visibility,large-visibility\"><div class=\"fusion-column-wrapper fusion-column-has-shadow fusion-flex-column-wrapper-legacy\"><div class=\"fusion-text fusion-text-4\"><h3><strong>Hat\u00f3anyag kisokos<\/strong><\/h3>\n<p><strong>Hyaluronsav<\/strong>: Egy, az emberi szervezetben t\u00f6bb helyen, p\u00e9ld\u00e1ul az \u00edz\u00fcleti folyad\u00e9kban is megtal\u00e1lhat\u00f3 poliszacharid, teh\u00e1t sz\u00e9nhidr\u00e1t sz\u00e1rmaz\u00e9k. Saj\u00e1t t\u00f6meg\u00e9hez k\u00e9pest jelent\u0151sen t\u00f6bb vizet k\u00e9pes megk\u00f6tni, ez\u00e1ltal biztos\u00edtja a b\u0151r hidrat\u00e1lts\u00e1g\u00e1t.<\/p>\n<p><strong>Adipofill\u2019in<\/strong>: F\u0151 hat\u00f3anyaga az L-ornitin, a b\u0151r struktur\u00e1lis \u00f6reged\u00e9s\u00e9b\u0151l sz\u00e1rmaz\u00f3 t\u00fcnetek cs\u00f6kkent\u00e9s\u00e9re alkalmas hat\u00f3anyag, ezt a fajta \u00f6reged\u00e9st a b\u0151ralja zs\u00edrsejtjeinek m\u00e9retcs\u00f6kken\u00e9se okozza. A hat\u00f3anyagnak 3 f\u0151 hat\u00e1sa van. Az els\u0151 \u00e9s legegy\u00e9rtelm\u0171bb a zs\u00edrsejtek m\u00e9ret\u00e9nek n\u00f6vel\u00e9se, teh\u00e1t a preadipocit\u00e1kat (\u2019\u2019Sov\u00e1ny zs\u00edrsejteket\u201d) \u00e1talak\u00edtja tel\u00edtett zs\u00edrsejtekk\u00e9, a folyamat sor\u00e1n a hat\u00f3anyag arra k\u00e9szteti a \u2019\u2019Sov\u00e1ny zs\u00edrsejteket\u2019\u2019, hogy rakt\u00e1rozzanak el magukban lipideket, ezt a folyamatot adipogenezisnek nevezz\u00fck.<br \/>\nA m\u00e1sodik hat\u00e1sa a zs\u00edrsavtermel\u00e9s fokoz\u00e1sa (lipogenezis).<br \/>\nA harmadik a zs\u00edrsejtekben t\u00e1rolt lipidek szabad zs\u00edrsavakra t\u00f6rt\u00e9n\u0151 lebont\u00e1s\u00e1t g\u00e1tolja.<\/p>\n<p><strong>Progeline<\/strong>: Cs\u00f6kkenti a b\u0151rben a PROGERIN nev\u0171 feh\u00e9rje termel\u00e9s\u00e9t. Ezt a vegy\u00fcletet tartj\u00e1k a b\u0151r \u00f6reged\u00e9s\u00e9nek egyik f\u0151 okoz\u00f3j\u00e1nak. Klinikailag cs\u00f6kkenti a b\u0151r\u00f6reged\u00e9s jeleit pl.: megereszked\u00e9s, r\u00e1ncok. Jav\u00edtja a b\u0151r rugalmass\u00e1g\u00e1t, feszess\u00e9g\u00e9t.<\/p>\n<p><strong>PhytoCellTec Argan<\/strong>: Az arg\u00e1nfa k\u00e9rg\u00e9b\u0151l sz\u00e1rmaz\u00f3 gyant\u00e1ban tal\u00e1lhat\u00f3 sejtek mesters\u00e9ges teny\u00e9szet\u00e9nek kivonata. Arra serkenti a sz\u0151rt\u00fcsz\u0151 speci\u00e1lis sejtjeit, hogy fibroblaszt sejteket termeljenek, ezek termelik az elasztint \u00e9s a kollag\u00e9nt. Ennek hat\u00e1s\u00e1ra az irha meger\u0151s\u00f6dik \u00e9s megvastagszik \u00edgy t\u00e9ve feszesebb\u00e9 \u00e9s fiatalosabb\u00e1 a b\u0151rt.<\/p>\n<p><strong>Hydroveg VV<\/strong>: Hidrat\u00e1l\u00f3 komplex-k\u00e9nt t\u00f6bb, a kozmetikai iparban elterjedt hat\u00f3anyag kever\u00e9ke.\u00a0 N\u00e9h\u00e1ny p\u00e9lda csak a legismertebbek k\u00f6z\u00fcl: allantoin, urea, PCA \u00e9s sz\u00e1rmaz\u00e9kai. A hat\u00f3anyag l\u00e9nyeg\u00e9t ad\u00f3 vegy\u00fcletcsoport a hidroliz\u00e1lt-b\u00fazaproteinek, ezt az \u00f6sszetev\u0151t a b\u00faz\u00e1ban tal\u00e1lhat\u00f3 feh\u00e9rj\u00e9k enzimekkel t\u00f6rt\u00e9n\u0151 bont\u00e1s\u00e1b\u00f3l sz\u00e1rmaz\u00f3 polipeptidek adj\u00e1k. Ezek a r\u00f6vid l\u00e1nc\u00fa molekul\u00e1k serkentik a b\u0151r sejtjeinek burj\u00e1nz\u00e1s\u00e1t, \u00edgy t\u00e9ve frissebb\u00e9 azt.<\/p>\n<p><strong>Sheavaj<\/strong>: Egy K\u00f6z\u00e9p-Afrik\u00e1ban honos fa, a karil\u00e9 fa term\u00e9s\u00e9b\u0151l, a shea di\u00f3b\u00f3l sz\u00e1rmaz\u00f3 n\u00f6v\u00e9nyi zsirad\u00e9k. Magas zs\u00edrsav tartalma mellett sok A, E, \u00e9s F-vitamin tartalmaz. M\u00e1r az \u00d3kori Egyiptomiak is felismert\u00e9k a b\u0151rre kifejtett el\u0151nyeit, els\u0151sorban b\u0151rpuh\u00edt\u00f3 hat\u00e1sa miatt alkalmazt\u00e1k.<\/p>\n<p><strong>Ligetsz\u00e9pe olaj<\/strong>: Ez az aranys\u00e1rga, k\u00f6nny\u0171 olaj rendk\u00edv\u00fcl magas linolsav tartalm\u00fa, de ezen k\u00edv\u00fcl magas sz\u00e1zal\u00e9kban tartalmaz m\u00e9g linol\u00e9nsavat \u00e9s palmitinsavat is. Gyorsan felsz\u00edv\u00f3dik \u00e9s nem t\u00f6m\u00edti el a p\u00f3rusokat, nyugtatja \u00e9s puh\u00edtja a b\u0151rt.<\/p>\n<p><strong>Borosty\u00e1nkivonat<\/strong>: Hagyom\u00e1nyosan b\u0151rkem\u00e9nyed\u00e9s \u00e9s cellulitisz kezel\u00e9s\u00e9re haszn\u00e1lt\u00e1k.<\/p>\n<p><strong>K\u00f6r\u00f6mvir\u00e1golaj<\/strong>: A b\u0151r reped\u00e9seinek \u00e9s kisebb sebeinek kezel\u00e9s\u00e9re alkalmas olaj.<\/p>\n<p><strong>Actizyme GL<\/strong>: Egy gomba eredet\u0171 feh\u00e9rjebont\u00f3 enzim, amely ellen\u0151rz\u00f6tt h\u00e1ml\u00e1st biztos\u00edt mell\u00e9khat\u00e1sok n\u00e9lk\u00fcl. Tiszt\u00e1bb, fiatalosabb b\u0151rt k\u00f6lcs\u00f6n\u00f6z a term\u00e9szetes v\u00e9d\u0151r\u00e9teg k\u00e1ros\u00edt\u00e1sa n\u00e9lk\u00fcl. Tartalmaz m\u00e9g fitinsavat, ami egy gyeng\u00e9bb AHA-sav, ezen k\u00edv\u00fcl keratol\u00edtikus (p\u00f3rus\u00f6sszeh\u00faz\u00f3) hat\u00e1ssal rendelkezik, ez biztos\u00edtja a v\u00e9d\u0151r\u00e9teg fennmarad\u00e1s\u00e1t a h\u00e1mlaszt\u00e1s sor\u00e1n.<\/p>\n<p><strong>Caffeine<\/strong>: A koffeinnek t\u00f6bb, k\u00fcl\u00f6n\u00f6sen a szemk\u00f6rny\u00e9kre hasznos hat\u00e1sa van. Antioxid\u00e1nsk\u00e9nt megk\u00f6ti a szabad gy\u00f6k\u00f6ket. A szem alatti s\u00f6t\u00e9t karik\u00e1k kev\u00e9sb\u00e9 l\u00e1tsz\u00f3dnak az\u00e1ltal, hogy a szemk\u00f6rny\u00e9k v\u00e9kony b\u0151re alatt megh\u00faz\u00f3d\u00f3 erek l\u00e1that\u00f3s\u00e1g\u00e1t cs\u00f6kkenti.<\/p>\n<p><strong>APM C-vitamin<\/strong>: A mindenki \u00e1ltal j\u00f3l ismert aszkorbinsav \u00e9s foszforsav \u00e9szter\u00e9nek magn\u00e9zium s\u00f3ja. Ide\u00e1lis v\u00e1laszt\u00e1s az \u00e9rz\u00e9kenyebb b\u0151r\u0171ek sz\u00e1m\u00e1ra, mivel kisebb koncentr\u00e1ci\u00f3ban is el\u00e9ri ugyanazt a hat\u00e1st, mint a hasonl\u00f3 aszkorbinsavas term\u00e9k. J\u00f3 v\u00e1laszt\u00e1s, ha C-vitamint akarunk haszn\u00e1lni \u00e9s nem szeretn\u00e9nk h\u00e1mlaszt\u00f3 hat\u00e1st el\u00e9rni, mivel az APM C-vitamin 7-es pH k\u00f6rny\u00e9k\u00e9n stabil. Hat\u00e1s\u00e1t tekintve cs\u00f6kkenti a b\u0151r pigment\u00e1ci\u00f3j\u00e1t \u00e9s fokozza a kollag\u00e9ntermel\u00e9st.<\/p>\n<p><strong>EPS Seafill<\/strong>: Egy tengeri mikroorganizmus \u00e1ltal termelt exopoliszacharid, amely azonnali b\u0151rkisim\u00edt\u00f3 hat\u00e1ssal rendelkezik. Ez a term\u00e9szetes polimert\u00edpus k\u00fcl\u00f6nb\u00f6z\u0151 egyszer\u0171 cukormolekul\u00e1b\u00f3l \u00e1ll, p\u00e9ld\u00e1ul a mindenki \u00e1ltal ismert gl\u00fck\u00f3z, vagy mann\u00f3z. A b\u0151rt arra serkenti, hogy hyaluronsavat, kollag\u00e9nt \u00e9s elasztint termeljen, ez\u00e1ltal cs\u00f6kkenti a r\u00e1ncok m\u00e9lys\u00e9g\u00e9t \u00e9s az \u00f6reged\u00e9s \u00e1lltal\u00e1nos jeleit.<\/p>\n<\/div><div class=\"fusion-text fusion-text-5 fusion-text-no-margin\" style=\"--awb-margin-bottom:15px;\"><blockquote>\n<p>Amennyiben sz\u00edvesen kipr\u00f3b\u00e1ln\u00e1d Mezoter\u00e1pi\u00e1s sorozatunk term\u00e9keit,<a href=\"https:\/\/heliadprofessional.com\/sorozat\/mezoterapia-sorozat\/\" target=\"_blank\" rel=\"noopener\">\u00a0<strong>ide kattintva tudod megrendelni!<\/strong><\/a><\/p>\n<\/blockquote>\n<\/div><div class=\"fusion-text fusion-text-6\"><p>A kezel\u00e9si protokoll \u00e9s a kezel\u00e9sben l\u00e9v\u0151 kont\u00faremel\u0151 massz\u00e1zstechnika elsaj\u00e1t\u00edthat\u00f3 a Helia-D Professional Sz\u00e9ps\u00e9g Akad\u00e9mi\u00e1n, egy gyakorlati k\u00e9pz\u00e9s keretein bel\u00fcl.<\/p>\n<p>Jelentkez\u00e9sedet a k\u00f6vetkez\u0151 e-mail c\u00edmen v\u00e1rjuk:\u00a0<strong><a href=\"mailto:professional@helia-d.hu\">professional@helia-d.hu<\/a><\/strong><\/p>\n<p>V\u00e1runk sok szeretettel: Helia-D Professional Csapata<\/p>\n<\/div><div class=\"fusion-clearfix\"><\/div><\/div><\/div><\/div><\/div>\n","protected":false},"excerpt":{"rendered":"","protected":false},"author":5,"featured_media":23043,"comment_status":"closed","ping_status":"open","sticky":false,"template":"","format":"standard","meta":{"inline_featured_image":false,"footnotes":""},"categories":[24],"tags":[],"class_list":["post-23050","post","type-post","status-publish","format-standard","has-post-thumbnail","hentry","category-hirek"],"yoast_head":"<!-- This site is optimized with the Yoast SEO plugin v27.3 - https:\/\/yoast.com\/product\/yoast-seo-wordpress\/ -->\n<title>Mezoter\u00e1pi\u00e1s sorozat t\u00e9len-ny\u00e1ron - Helia D Professional<\/title>\n<meta name=\"robots\" content=\"index, follow, max-snippet:-1, max-image-preview:large, max-video-preview:-1\" \/>\n<link rel=\"canonical\" href=\"https:\/\/heliadprofessional.com\/hu\/mezoterapias-sorozat-telen-nyaron\/\" \/>\n<meta property=\"og:locale\" content=\"hu_HU\" \/>\n<meta property=\"og:type\" content=\"article\" \/>\n<meta property=\"og:title\" content=\"Mezoter\u00e1pi\u00e1s sorozat t\u00e9len-ny\u00e1ron - Helia D Professional\" \/>\n<meta property=\"og:url\" content=\"https:\/\/heliadprofessional.com\/hu\/mezoterapias-sorozat-telen-nyaron\/\" \/>\n<meta property=\"og:site_name\" content=\"Helia D Professional\" \/>\n<meta property=\"article:publisher\" content=\"https:\/\/www.facebook.com\/HeliaDProfessional\" \/>\n<meta property=\"article:published_time\" content=\"2024-05-06T18:44:56+00:00\" \/>\n<meta property=\"article:modified_time\" content=\"2024-05-07T17:39:48+00:00\" \/>\n<meta property=\"og:image\" content=\"https:\/\/heliadprofessional.com\/wp-content\/uploads\/2024\/05\/mezoterapias-sorozat-telen-nyaron.jpg\" \/>\n\t<meta property=\"og:image:width\" content=\"1200\" \/>\n\t<meta property=\"og:image:height\" content=\"800\" \/>\n\t<meta property=\"og:image:type\" content=\"image\/jpeg\" \/>\n<meta name=\"author\" content=\"Krizsanyik G\u00e1bor\" \/>\n<meta name=\"twitter:card\" content=\"summary_large_image\" \/>\n<script type=\"application\/ld+json\" class=\"yoast-schema-graph\">{\"@context\":\"https:\\\/\\\/schema.org\",\"@graph\":[{\"@type\":\"Article\",\"@id\":\"https:\\\/\\\/heliadprofessional.com\\\/hu\\\/mezoterapias-sorozat-telen-nyaron\\\/#article\",\"isPartOf\":{\"@id\":\"https:\\\/\\\/heliadprofessional.com\\\/hu\\\/mezoterapias-sorozat-telen-nyaron\\\/\"},\"author\":{\"name\":\"Krizsanyik G\u00e1bor\",\"@id\":\"https:\\\/\\\/heliadprofessional.com\\\/hu\\\/#\\\/schema\\\/person\\\/8bbb628ae810a3976adcd744265706b0\"},\"headline\":\"Mezoter\u00e1pi\u00e1s sorozat t\u00e9len-ny\u00e1ron\",\"datePublished\":\"2024-05-06T18:44:56+00:00\",\"dateModified\":\"2024-05-07T17:39:48+00:00\",\"mainEntityOfPage\":{\"@id\":\"https:\\\/\\\/heliadprofessional.com\\\/hu\\\/mezoterapias-sorozat-telen-nyaron\\\/\"},\"wordCount\":7560,\"image\":{\"@id\":\"https:\\\/\\\/heliadprofessional.com\\\/hu\\\/mezoterapias-sorozat-telen-nyaron\\\/#primaryimage\"},\"thumbnailUrl\":\"https:\\\/\\\/heliadprofessional.com\\\/wp-content\\\/uploads\\\/2024\\\/05\\\/mezoterapias-sorozat-telen-nyaron.jpg\",\"articleSection\":[\"H\u00edrek\"],\"inLanguage\":\"hu\"},{\"@type\":\"WebPage\",\"@id\":\"https:\\\/\\\/heliadprofessional.com\\\/hu\\\/mezoterapias-sorozat-telen-nyaron\\\/\",\"url\":\"https:\\\/\\\/heliadprofessional.com\\\/hu\\\/mezoterapias-sorozat-telen-nyaron\\\/\",\"name\":\"Mezoter\u00e1pi\u00e1s sorozat t\u00e9len-ny\u00e1ron - Helia D Professional\",\"isPartOf\":{\"@id\":\"https:\\\/\\\/heliadprofessional.com\\\/hu\\\/#website\"},\"primaryImageOfPage\":{\"@id\":\"https:\\\/\\\/heliadprofessional.com\\\/hu\\\/mezoterapias-sorozat-telen-nyaron\\\/#primaryimage\"},\"image\":{\"@id\":\"https:\\\/\\\/heliadprofessional.com\\\/hu\\\/mezoterapias-sorozat-telen-nyaron\\\/#primaryimage\"},\"thumbnailUrl\":\"https:\\\/\\\/heliadprofessional.com\\\/wp-content\\\/uploads\\\/2024\\\/05\\\/mezoterapias-sorozat-telen-nyaron.jpg\",\"datePublished\":\"2024-05-06T18:44:56+00:00\",\"dateModified\":\"2024-05-07T17:39:48+00:00\",\"author\":{\"@id\":\"https:\\\/\\\/heliadprofessional.com\\\/hu\\\/#\\\/schema\\\/person\\\/8bbb628ae810a3976adcd744265706b0\"},\"inLanguage\":\"hu\",\"potentialAction\":[{\"@type\":\"ReadAction\",\"target\":[\"https:\\\/\\\/heliadprofessional.com\\\/hu\\\/mezoterapias-sorozat-telen-nyaron\\\/\"]}]},{\"@type\":\"ImageObject\",\"inLanguage\":\"hu\",\"@id\":\"https:\\\/\\\/heliadprofessional.com\\\/hu\\\/mezoterapias-sorozat-telen-nyaron\\\/#primaryimage\",\"url\":\"https:\\\/\\\/heliadprofessional.com\\\/wp-content\\\/uploads\\\/2024\\\/05\\\/mezoterapias-sorozat-telen-nyaron.jpg\",\"contentUrl\":\"https:\\\/\\\/heliadprofessional.com\\\/wp-content\\\/uploads\\\/2024\\\/05\\\/mezoterapias-sorozat-telen-nyaron.jpg\",\"width\":1200,\"height\":800},{\"@type\":\"WebSite\",\"@id\":\"https:\\\/\\\/heliadprofessional.com\\\/hu\\\/#website\",\"url\":\"https:\\\/\\\/heliadprofessional.com\\\/hu\\\/\",\"name\":\"Helia D Professional\",\"description\":\"Helia D Professional\",\"potentialAction\":[{\"@type\":\"SearchAction\",\"target\":{\"@type\":\"EntryPoint\",\"urlTemplate\":\"https:\\\/\\\/heliadprofessional.com\\\/hu\\\/?s={search_term_string}\"},\"query-input\":{\"@type\":\"PropertyValueSpecification\",\"valueRequired\":true,\"valueName\":\"search_term_string\"}}],\"inLanguage\":\"hu\"},{\"@type\":\"Person\",\"@id\":\"https:\\\/\\\/heliadprofessional.com\\\/hu\\\/#\\\/schema\\\/person\\\/8bbb628ae810a3976adcd744265706b0\",\"name\":\"Krizsanyik G\u00e1bor\",\"image\":{\"@type\":\"ImageObject\",\"inLanguage\":\"hu\",\"@id\":\"https:\\\/\\\/secure.gravatar.com\\\/avatar\\\/2dc044e2dc18b4b7bf0b73d797a7198fa92e36786f1d75ca772671f95e6c4b2b?s=96&d=mm&r=g\",\"url\":\"https:\\\/\\\/secure.gravatar.com\\\/avatar\\\/2dc044e2dc18b4b7bf0b73d797a7198fa92e36786f1d75ca772671f95e6c4b2b?s=96&d=mm&r=g\",\"contentUrl\":\"https:\\\/\\\/secure.gravatar.com\\\/avatar\\\/2dc044e2dc18b4b7bf0b73d797a7198fa92e36786f1d75ca772671f95e6c4b2b?s=96&d=mm&r=g\",\"caption\":\"Krizsanyik G\u00e1bor\"},\"url\":\"https:\\\/\\\/heliadprofessional.com\\\/hu\\\/author\\\/simplesite\\\/\"}]}<\/script>\n<!-- \/ Yoast SEO plugin. -->","yoast_head_json":{"title":"Mezoter\u00e1pi\u00e1s sorozat t\u00e9len-ny\u00e1ron - Helia D Professional","robots":{"index":"index","follow":"follow","max-snippet":"max-snippet:-1","max-image-preview":"max-image-preview:large","max-video-preview":"max-video-preview:-1"},"canonical":"https:\/\/heliadprofessional.com\/hu\/mezoterapias-sorozat-telen-nyaron\/","og_locale":"hu_HU","og_type":"article","og_title":"Mezoter\u00e1pi\u00e1s sorozat t\u00e9len-ny\u00e1ron - Helia D Professional","og_url":"https:\/\/heliadprofessional.com\/hu\/mezoterapias-sorozat-telen-nyaron\/","og_site_name":"Helia D Professional","article_publisher":"https:\/\/www.facebook.com\/HeliaDProfessional","article_published_time":"2024-05-06T18:44:56+00:00","article_modified_time":"2024-05-07T17:39:48+00:00","og_image":[{"width":1200,"height":800,"url":"https:\/\/heliadprofessional.com\/wp-content\/uploads\/2024\/05\/mezoterapias-sorozat-telen-nyaron.jpg","type":"image\/jpeg"}],"author":"Krizsanyik G\u00e1bor","twitter_card":"summary_large_image","schema":{"@context":"https:\/\/schema.org","@graph":[{"@type":"Article","@id":"https:\/\/heliadprofessional.com\/hu\/mezoterapias-sorozat-telen-nyaron\/#article","isPartOf":{"@id":"https:\/\/heliadprofessional.com\/hu\/mezoterapias-sorozat-telen-nyaron\/"},"author":{"name":"Krizsanyik G\u00e1bor","@id":"https:\/\/heliadprofessional.com\/hu\/#\/schema\/person\/8bbb628ae810a3976adcd744265706b0"},"headline":"Mezoter\u00e1pi\u00e1s sorozat t\u00e9len-ny\u00e1ron","datePublished":"2024-05-06T18:44:56+00:00","dateModified":"2024-05-07T17:39:48+00:00","mainEntityOfPage":{"@id":"https:\/\/heliadprofessional.com\/hu\/mezoterapias-sorozat-telen-nyaron\/"},"wordCount":7560,"image":{"@id":"https:\/\/heliadprofessional.com\/hu\/mezoterapias-sorozat-telen-nyaron\/#primaryimage"},"thumbnailUrl":"https:\/\/heliadprofessional.com\/wp-content\/uploads\/2024\/05\/mezoterapias-sorozat-telen-nyaron.jpg","articleSection":["H\u00edrek"],"inLanguage":"hu"},{"@type":"WebPage","@id":"https:\/\/heliadprofessional.com\/hu\/mezoterapias-sorozat-telen-nyaron\/","url":"https:\/\/heliadprofessional.com\/hu\/mezoterapias-sorozat-telen-nyaron\/","name":"Mezoter\u00e1pi\u00e1s sorozat t\u00e9len-ny\u00e1ron - Helia D Professional","isPartOf":{"@id":"https:\/\/heliadprofessional.com\/hu\/#website"},"primaryImageOfPage":{"@id":"https:\/\/heliadprofessional.com\/hu\/mezoterapias-sorozat-telen-nyaron\/#primaryimage"},"image":{"@id":"https:\/\/heliadprofessional.com\/hu\/mezoterapias-sorozat-telen-nyaron\/#primaryimage"},"thumbnailUrl":"https:\/\/heliadprofessional.com\/wp-content\/uploads\/2024\/05\/mezoterapias-sorozat-telen-nyaron.jpg","datePublished":"2024-05-06T18:44:56+00:00","dateModified":"2024-05-07T17:39:48+00:00","author":{"@id":"https:\/\/heliadprofessional.com\/hu\/#\/schema\/person\/8bbb628ae810a3976adcd744265706b0"},"inLanguage":"hu","potentialAction":[{"@type":"ReadAction","target":["https:\/\/heliadprofessional.com\/hu\/mezoterapias-sorozat-telen-nyaron\/"]}]},{"@type":"ImageObject","inLanguage":"hu","@id":"https:\/\/heliadprofessional.com\/hu\/mezoterapias-sorozat-telen-nyaron\/#primaryimage","url":"https:\/\/heliadprofessional.com\/wp-content\/uploads\/2024\/05\/mezoterapias-sorozat-telen-nyaron.jpg","contentUrl":"https:\/\/heliadprofessional.com\/wp-content\/uploads\/2024\/05\/mezoterapias-sorozat-telen-nyaron.jpg","width":1200,"height":800},{"@type":"WebSite","@id":"https:\/\/heliadprofessional.com\/hu\/#website","url":"https:\/\/heliadprofessional.com\/hu\/","name":"Helia D Professional","description":"Helia D Professional","potentialAction":[{"@type":"SearchAction","target":{"@type":"EntryPoint","urlTemplate":"https:\/\/heliadprofessional.com\/hu\/?s={search_term_string}"},"query-input":{"@type":"PropertyValueSpecification","valueRequired":true,"valueName":"search_term_string"}}],"inLanguage":"hu"},{"@type":"Person","@id":"https:\/\/heliadprofessional.com\/hu\/#\/schema\/person\/8bbb628ae810a3976adcd744265706b0","name":"Krizsanyik G\u00e1bor","image":{"@type":"ImageObject","inLanguage":"hu","@id":"https:\/\/secure.gravatar.com\/avatar\/2dc044e2dc18b4b7bf0b73d797a7198fa92e36786f1d75ca772671f95e6c4b2b?s=96&d=mm&r=g","url":"https:\/\/secure.gravatar.com\/avatar\/2dc044e2dc18b4b7bf0b73d797a7198fa92e36786f1d75ca772671f95e6c4b2b?s=96&d=mm&r=g","contentUrl":"https:\/\/secure.gravatar.com\/avatar\/2dc044e2dc18b4b7bf0b73d797a7198fa92e36786f1d75ca772671f95e6c4b2b?s=96&d=mm&r=g","caption":"Krizsanyik G\u00e1bor"},"url":"https:\/\/heliadprofessional.com\/hu\/author\/simplesite\/"}]}},"_links":{"self":[{"href":"https:\/\/heliadprofessional.com\/hu\/wp-json\/wp\/v2\/posts\/23050","targetHints":{"allow":["GET"]}}],"collection":[{"href":"https:\/\/heliadprofessional.com\/hu\/wp-json\/wp\/v2\/posts"}],"about":[{"href":"https:\/\/heliadprofessional.com\/hu\/wp-json\/wp\/v2\/types\/post"}],"author":[{"embeddable":true,"href":"https:\/\/heliadprofessional.com\/hu\/wp-json\/wp\/v2\/users\/5"}],"replies":[{"embeddable":true,"href":"https:\/\/heliadprofessional.com\/hu\/wp-json\/wp\/v2\/comments?post=23050"}],"version-history":[{"count":3,"href":"https:\/\/heliadprofessional.com\/hu\/wp-json\/wp\/v2\/posts\/23050\/revisions"}],"predecessor-version":[{"id":23053,"href":"https:\/\/heliadprofessional.com\/hu\/wp-json\/wp\/v2\/posts\/23050\/revisions\/23053"}],"wp:featuredmedia":[{"embeddable":true,"href":"https:\/\/heliadprofessional.com\/hu\/wp-json\/wp\/v2\/media\/23043"}],"wp:attachment":[{"href":"https:\/\/heliadprofessional.com\/hu\/wp-json\/wp\/v2\/media?parent=23050"}],"wp:term":[{"taxonomy":"category","embeddable":true,"href":"https:\/\/heliadprofessional.com\/hu\/wp-json\/wp\/v2\/categories?post=23050"},{"taxonomy":"post_tag","embeddable":true,"href":"https:\/\/heliadprofessional.com\/hu\/wp-json\/wp\/v2\/tags?post=23050"}],"curies":[{"name":"wp","href":"https:\/\/api.w.org\/{rel}","templated":true}]}}