{"id":23367,"date":"2025-11-06T15:50:57","date_gmt":"2025-11-06T14:50:57","guid":{"rendered":"https:\/\/heliadprofessional.com\/?p=23367"},"modified":"2025-11-06T15:51:28","modified_gmt":"2025-11-06T14:51:28","slug":"megujul-a-helia-d-professional-itt-a-helia-derma-professional","status":"publish","type":"post","link":"https:\/\/heliadprofessional.com\/hu\/megujul-a-helia-d-professional-itt-a-helia-derma-professional\/","title":{"rendered":"Meg\u00fajul a Helia-D Professional \u2013 Itt a Helia Derma Professional!"},"content":{"rendered":"<div class=\"fusion-fullwidth fullwidth-box fusion-builder-row-1 has-pattern-background has-mask-background hundred-percent-fullwidth non-hundred-percent-height-scrolling\" style=\"--awb-border-radius-top-left:0px;--awb-border-radius-top-right:0px;--awb-border-radius-bottom-right:0px;--awb-border-radius-bottom-left:0px;--awb-flex-wrap:wrap;\" ><div class=\"fusion-builder-row fusion-row\"><div class=\"fusion-layout-column fusion_builder_column fusion-builder-column-0 fusion_builder_column_1_1 1_1 fusion-one-full fusion-column-first fusion-column-last\" style=\"--awb-bg-size:cover;--awb-margin-bottom:25px;\" data-scroll-devices=\"small-visibility,medium-visibility,large-visibility\"><div class=\"fusion-column-wrapper fusion-column-has-shadow fusion-flex-column-wrapper-legacy\"><div class=\"fusion-text fusion-text-1\"><p>A Helia-D n\u00e9v \u00e9vtizedek \u00f3ta egyet jelent a megb\u00edzhat\u00f3, magas min\u0151s\u00e9g\u0171 magyar kozmetikumokkal. A m\u00e1rka lakoss\u00e1gi term\u00e9kei mellett a professzion\u00e1lis vonal is komoly szakmai elismer\u00e9st v\u00edvott ki mag\u00e1nak. Most azonban \u00faj korszak kezd\u0151dik: a Helia-D Professional meg\u00fajul, \u00e9s <strong>Helia Derma Professional<\/strong> m\u00e1rkan\u00e9ven ker\u00fcl meg\u00faj\u00edt\u00e1sra a teljes term\u00e9ksk\u00e1la m\u00e9g innovat\u00edvabb, m\u00e9g korszer\u0171bb csomagol\u00e1sban \u00e9s formul\u00e1kkal.<\/p>\n<\/div><div class=\"fusion-clearfix\"><\/div><\/div><\/div><div class=\"fusion-layout-column fusion_builder_column fusion-builder-column-1 fusion_builder_column_1_1 1_1 fusion-one-full fusion-column-first fusion-column-last\" style=\"--awb-bg-size:cover;--awb-margin-bottom:0px;\" data-scroll-devices=\"small-visibility,medium-visibility,large-visibility\"><div class=\"fusion-column-wrapper fusion-column-has-shadow fusion-flex-column-wrapper-legacy\"><div class=\"fusion-text fusion-text-2\"><h5><strong>Trad\u00edci\u00f3 \u00e9s innov\u00e1ci\u00f3 \u2013 k\u00e9z a k\u00e9zben<\/strong><\/h5>\n<\/div><div class=\"fusion-clearfix\"><\/div><\/div><\/div><div class=\"fusion-layout-column fusion_builder_column fusion-builder-column-2 fusion_builder_column_1_1 1_1 fusion-one-full fusion-column-first fusion-column-last\" style=\"--awb-bg-size:cover;--awb-margin-bottom:25px;\" data-scroll-devices=\"small-visibility,medium-visibility,large-visibility\"><div class=\"fusion-column-wrapper fusion-column-has-shadow fusion-flex-column-wrapper-legacy\"><div class=\"fusion-text fusion-text-3\"><p>A Helia Derma Professional nem szak\u00edt a m\u00falttal \u2013 \u00e9pp ellenkez\u0151leg. A meg\u00fajul\u00e1s sor\u00e1n meg\u0151rizt\u00fck mindazt, amit a szakemberek \u00e9s vend\u00e9geik eddig is szerettek: a hat\u00e9kony formul\u00e1kat, a kifinomult kezel\u00e9si protokollokat \u00e9s a megb\u00edzhat\u00f3 min\u0151s\u00e9get. Ugyanakkor reag\u00e1ltunk a kozmetikai ipar dinamikus fejl\u0151d\u00e9s\u00e9re, referencia kozmetikusaink visszajelz\u00e9seit is be\u00e9p\u00edtve \u00faj hat\u00f3anyagokkal, modern csomagol\u00e1ssal, friss arculattal l\u00e9p\u00fcnk tov\u00e1bb.<\/p>\n<p>A Ceramide term\u00e9kcsal\u00e1d bevezet\u00e9se az els\u0151 l\u00e9p\u00e9s ebben a folyamatban. A j\u00f6v\u0151ben tov\u00e1bbi term\u00e9kcsal\u00e1dok is meg\u00fajulnak, \u00edgy a Helia Derma Professional k\u00edn\u00e1lata m\u00e9g sz\u00e9lesebb \u00e9s korszer\u0171bb lesz.<\/p>\n<\/div><div class=\"fusion-clearfix\"><\/div><\/div><\/div><div class=\"fusion-layout-column fusion_builder_column fusion-builder-column-3 fusion_builder_column_1_1 1_1 fusion-one-full fusion-column-first fusion-column-last\" style=\"--awb-bg-size:cover;--awb-margin-bottom:0px;\" data-scroll-devices=\"small-visibility,medium-visibility,large-visibility\"><div class=\"fusion-column-wrapper fusion-column-has-shadow fusion-flex-column-wrapper-legacy\"><div class=\"fusion-text fusion-text-4\"><h5><strong>CERAMIDE \u2013 A B\u0150R V\u00c9D\u0150PAJZSA<\/strong><\/h5>\n<\/div><div class=\"fusion-clearfix\"><\/div><\/div><\/div><div class=\"fusion-layout-column fusion_builder_column fusion-builder-column-4 fusion_builder_column_1_1 1_1 fusion-one-full fusion-column-first fusion-column-last\" style=\"--awb-bg-size:cover;--awb-margin-bottom:25px;\" data-scroll-devices=\"small-visibility,medium-visibility,large-visibility\"><div class=\"fusion-column-wrapper fusion-column-has-shadow fusion-flex-column-wrapper-legacy\"><div class=\"fusion-text fusion-text-5\"><p>A <strong>Ceramide term\u00e9kcsal\u00e1d<\/strong> k\u00f6z\u00e9ppontj\u00e1ban a <strong>SK-INFLUX\u00ae ceramid komplex<\/strong> \u00e1ll, amely egy szabadalmaztatott, b\u0151razonos lipid-komplex. Ez a hat\u00f3anyag seg\u00edt helyre\u00e1ll\u00edtani a b\u0151r term\u00e9szetes v\u00e9d\u0151r\u00e9teg\u00e9t, cs\u00f6kkenti a transzepiderm\u00e1lis v\u00edzveszt\u00e9st, \u00e9s fokozza a b\u0151r ellen\u00e1ll\u00f3 k\u00e9pess\u00e9g\u00e9t a k\u00fcls\u0151 k\u00f6rnyezeti hat\u00e1sokkal szemben. A term\u00e9kcsal\u00e1d minden b\u0151rt\u00edpusra aj\u00e1nlott, k\u00fcl\u00f6n\u00f6sen a sz\u00e1raz, \u00e9rz\u00e9keny \u00e9s \u00e9rett b\u0151r \u00e1pol\u00e1s\u00e1ra.<\/p>\n<p><strong>F\u0151 hat\u00f3anyagok:<\/strong><\/p>\n<ul>\n<li><strong>Ceramid komplex (SK-INFLUX\u00ae)<\/strong> \u2013 a b\u0151r barrier funkci\u00f3j\u00e1nak helyre\u00e1ll\u00edt\u00e1s\u00e1\u00e9rt<\/li>\n<li><strong>Hialuronsav<\/strong> \u2013 intenz\u00edv hidrat\u00e1l\u00e1s\u00e9rt<\/li>\n<li><strong>Niacinamide<\/strong> \u2013 a b\u0151r rugalmass\u00e1g\u00e1\u00e9rt \u00e9s egys\u00e9ges t\u00f3nus\u00e1\u00e9rt<\/li>\n<\/ul>\n<p><strong>Term\u00e9kpaletta:<\/strong><\/p>\n<ul>\n<li>M\u00e9lyhidrat\u00e1l\u00f3 arckr\u00e9m (norm\u00e1l, sz\u00e1raz, \u00e9rz\u00e9keny b\u0151rre) 50ml<\/li>\n<li>M\u00e9lyhidrat\u00e1l\u00f3 \u00e9jszakai arckr\u00e9m 50ml<\/li>\n<li>M\u00e9lyhidrat\u00e1l\u00f3 sz\u00e9rum 30 ml<\/li>\n<li>M\u00e9lyhidrat\u00e1l\u00f3 maszk 250ml<\/li>\n<li>M\u00e9lyhidrat\u00e1l\u00f3 ampulla 5&#215;2 ml<\/li>\n<\/ul>\n<\/div><div class=\"fusion-clearfix\"><\/div><\/div><\/div><div class=\"fusion-layout-column fusion_builder_column fusion-builder-column-5 fusion_builder_column_1_1 1_1 fusion-one-full fusion-column-first fusion-column-last\" style=\"--awb-bg-size:cover;--awb-margin-bottom:0px;\" data-scroll-devices=\"small-visibility,medium-visibility,large-visibility\"><div class=\"fusion-column-wrapper fusion-column-has-shadow fusion-flex-column-wrapper-legacy\"><div class=\"fusion-text fusion-text-6\"><h5><strong>SZAKMAI KEZEL\u00c9SI PROTOKOLL \u2013 M\u00c9LYHIDRAT\u00c1L\u00c1S \u00c9S B\u0150RBARRIER-REGENER\u00c1L\u00c1S<\/strong><\/h5>\n<\/div><div class=\"fusion-clearfix\"><\/div><\/div><\/div><div class=\"fusion-layout-column fusion_builder_column fusion-builder-column-6 fusion_builder_column_1_1 1_1 fusion-one-full fusion-column-first fusion-column-last\" style=\"--awb-bg-size:cover;--awb-margin-bottom:25px;\" data-scroll-devices=\"small-visibility,medium-visibility,large-visibility\"><div class=\"fusion-column-wrapper fusion-column-has-shadow fusion-flex-column-wrapper-legacy\"><div class=\"fusion-text fusion-text-7\"><p>A Ceramide term\u00e9kcsal\u00e1dhoz egy komplex, 60 perces kezel\u00e9si protokoll is tartozik, amelyet kifejezetten kozmetikus szakemberek sz\u00e1m\u00e1ra fejlesztett\u00fcnk ki. A kezel\u00e9s c\u00e9lja a b\u0151r m\u00e9lyhidrat\u00e1l\u00e1sa, a b\u0151rbarrier helyre\u00e1ll\u00edt\u00e1sa \u00e9s a b\u0151r term\u00e9szetes v\u00e9dekez\u0151k\u00e9pess\u00e9g\u00e9nek fokoz\u00e1sa.<\/p>\n<p><strong>A kezel\u00e9s l\u00e9p\u00e9sei:<\/strong><\/p>\n<ol>\n<li><strong>Tiszt\u00edt\u00e1s<\/strong> \u2013 Hyaluron Energetiz\u00e1l\u00f3 Tiszt\u00edt\u00f3 Hab<\/li>\n<li><strong>Peeling<\/strong> \u2013 C-vitaminos Enzimes Peeling<\/li>\n<li><strong>Toniz\u00e1l\u00e1s<\/strong> \u2013 Hidrat\u00e1l\u00f3 G\u00e9ltonik (hidroabr\u00e1zi\u00f3val vagy mikrodermabr\u00e1zi\u00f3val kombin\u00e1lva)<\/li>\n<li><strong>Hat\u00f3anyag-bevitel<\/strong> \u2013 M\u00e9lyhidrat\u00e1l\u00f3 ampulla (mezopen, iontofor\u00e9zis, ultrahang stb.)<\/li>\n<li><strong>Sz\u00e9rum alkalmaz\u00e1sa<\/strong> \u2013 M\u00e9lyhidrat\u00e1l\u00f3 sz\u00e9rum<\/li>\n<li><strong>Maszk<\/strong> \u2013 M\u00e9lyhidrat\u00e1l\u00f3 maszk<\/li>\n<li><strong>Befejez\u0151 \u00e1pol\u00e1s<\/strong> \u2013 M\u00e9lyhidrat\u00e1l\u00f3 arckr\u00e9m + SPF30 f\u00e9nyv\u00e9d\u0151<\/li>\n<\/ol>\n<p>A kezel\u00e9shez javasolt g\u00e9phaszn\u00e1lat: mezopen, iontofor\u00e9zis, ultrahang, krioter\u00e1pia, arcvasal\u00f3, IPL \u2013 a hat\u00f3anyagok m\u00e9lyebb bejuttat\u00e1sa \u00e9s a hat\u00e9konys\u00e1g fokoz\u00e1sa \u00e9rdek\u00e9ben.<\/p>\n<p><strong>Aj\u00e1nlott szalon\u00e1r: 19.900 Ft<\/strong><\/p>\n<p><strong>Otthoni \u00e1pol\u00e1sra javasolt term\u00e9kek:<\/strong><\/p>\n<ul>\n<li>M\u00e9lyhidrat\u00e1l\u00f3 arckr\u00e9m norm\u00e1l b\u0151rre \u2013 9.990 Ft<\/li>\n<li>M\u00e9lyhidrat\u00e1l\u00f3 sz\u00e9rum \u2013 12.990 Ft<\/li>\n<\/ul>\n<\/div><div class=\"fusion-clearfix\"><\/div><\/div><\/div><div class=\"fusion-layout-column fusion_builder_column fusion-builder-column-7 fusion_builder_column_1_1 1_1 fusion-one-full fusion-column-first fusion-column-last\" style=\"--awb-bg-size:cover;--awb-margin-bottom:0px;\" data-scroll-devices=\"small-visibility,medium-visibility,large-visibility\"><div class=\"fusion-column-wrapper fusion-column-has-shadow fusion-flex-column-wrapper-legacy\"><div class=\"fusion-text fusion-text-8\"><h5><strong>\u00daj n\u00e9v, \u00faj arculat, \u00faj \u00e9lm\u00e9ny<\/strong><\/h5>\n<\/div><div class=\"fusion-clearfix\"><\/div><\/div><\/div><div class=\"fusion-layout-column fusion_builder_column fusion-builder-column-8 fusion_builder_column_1_1 1_1 fusion-one-full fusion-column-first fusion-column-last\" style=\"--awb-bg-size:cover;--awb-margin-bottom:25px;\" data-scroll-devices=\"small-visibility,medium-visibility,large-visibility\"><div class=\"fusion-column-wrapper fusion-column-has-shadow fusion-flex-column-wrapper-legacy\"><div class=\"fusion-text fusion-text-9\"><p>A Helia Derma Professional designja letisztultabb, eleg\u00e1nsabb form\u00e1t \u00f6lt\u00f6tt. A kor\u00e1bbi fekete-arany sz\u00ednvil\u00e1got a <strong>feh\u00e9r-ez\u00fcst<\/strong> kombin\u00e1ci\u00f3 v\u00e1ltja fel, amely fiatalosabb, frissebb megjelen\u00e9st biztos\u00edt. A csomagol\u00e1sokon megjelen\u0151 grafikai mot\u00edvum egys\u00e9ges, visszafogott, m\u00e9gis karakteres. Az arckr\u00e9mekhez spatula is j\u00e1r a higi\u00e9nikus haszn\u00e1lat \u00e9rdek\u00e9ben, m\u00edg a sz\u00e9rumok kiszerel\u00e9se 15 ml-r\u0151l 30 ml-re n\u0151tt \u2013 airless flakonban, kedvez\u0151bb \u00e1ron.<\/p>\n<\/div><div class=\"fusion-clearfix\"><\/div><\/div><\/div><div class=\"fusion-layout-column fusion_builder_column fusion-builder-column-9 fusion_builder_column_1_1 1_1 fusion-one-full fusion-column-first fusion-column-last\" style=\"--awb-bg-size:cover;--awb-margin-bottom:0px;\" data-scroll-devices=\"small-visibility,medium-visibility,large-visibility\"><div class=\"fusion-column-wrapper fusion-column-has-shadow fusion-flex-column-wrapper-legacy\"><div class=\"fusion-text fusion-text-10\"><h5><strong>Hat\u00f3anyagok, amelyek val\u00f3ban m\u0171k\u00f6dnek<\/strong><\/h5>\n<\/div><div class=\"fusion-clearfix\"><\/div><\/div><\/div><div class=\"fusion-layout-column fusion_builder_column fusion-builder-column-10 fusion_builder_column_1_1 1_1 fusion-one-full fusion-column-first fusion-column-last\" style=\"--awb-bg-size:cover;--awb-margin-bottom:25px;\" data-scroll-devices=\"small-visibility,medium-visibility,large-visibility\"><div class=\"fusion-column-wrapper fusion-column-has-shadow fusion-flex-column-wrapper-legacy\"><div class=\"fusion-text fusion-text-11\"><p>A Helia Derma Professional term\u00e9kek tov\u00e1bbra is <strong>magas hat\u00f3anyag-tartalommal<\/strong> k\u00e9sz\u00fclnek, tudom\u00e1nyosan igazolt \u00f6sszetev\u0151kkel. A meg\u00fajul\u00e1s sor\u00e1n \u00faj, innovat\u00edv hat\u00f3anyagokat is be\u00e9p\u00edtett\u00fcnk, hogy m\u00e9g l\u00e1tv\u00e1nyosabb eredm\u00e9nyeket \u00e9rhess el vend\u00e9geidn\u00e9l:<\/p>\n<ul>\n<li><strong>Ceramidok (SK-INFLUX\u00ae)<\/strong>: B\u0151razonos lipid-komplex, amely helyre\u00e1ll\u00edtja a b\u0151r v\u00e9d\u0151r\u00e9teg\u00e9t, jav\u00edtja hidrat\u00e1lts\u00e1g\u00e1t \u00e9s ellen\u00e1ll\u00f3k\u00e9pess\u00e9g\u00e9t.<\/li>\n<li><strong>XEP\u2122-018 peptid<\/strong>: Botox-hat\u00e1s\u00fa biomimetikus peptid, amely ellaz\u00edtja a mimikai izmokat, cs\u00f6kkentve a r\u00e1ncok m\u00e9lys\u00e9g\u00e9t.<\/li>\n<li><strong>Aquaxyl\u2122<\/strong>: Cukor-sz\u00e1rmaz\u00e9k alap\u00fa hidrat\u00e1l\u00f3, amely er\u0151s\u00edti a b\u0151r barrierj\u00e9t \u00e9s fokozza a v\u00edzkering\u00e9st.<\/li>\n<li><strong>R\u00e9zpeptid (TEGO\u00ae Pep 3-Recover)<\/strong>: Kollag\u00e9n- \u00e9s elasztintermel\u00e9st serkent\u0151 peptid, amely jav\u00edtja a b\u0151r szerkezet\u00e9t \u00e9s rugalmass\u00e1g\u00e1t.<\/li>\n<li><strong>MAP (magn\u00e9zium-aszkorbil-foszf\u00e1t)<\/strong>: Stabil C-vitamin sz\u00e1rmaz\u00e9k, amely antioxid\u00e1ns hat\u00e1s\u00fa, halv\u00e1ny\u00edtja a pigmentfoltokat \u00e9s serkenti a kollag\u00e9ntermel\u00e9st.<\/li>\n<\/ul>\n<\/div><div class=\"fusion-clearfix\"><\/div><\/div><\/div><div class=\"fusion-layout-column fusion_builder_column fusion-builder-column-11 fusion_builder_column_1_1 1_1 fusion-one-full fusion-column-first fusion-column-last\" style=\"--awb-bg-size:cover;--awb-margin-bottom:0px;\" data-scroll-devices=\"small-visibility,medium-visibility,large-visibility\"><div class=\"fusion-column-wrapper fusion-column-has-shadow fusion-flex-column-wrapper-legacy\"><div class=\"fusion-text fusion-text-12\"><h5><strong>Mi\u00e9rt v\u00e1laszd a Helia Derma Professional-t?<\/strong><\/h5>\n<\/div><div class=\"fusion-clearfix\"><\/div><\/div><\/div><div class=\"fusion-layout-column fusion_builder_column fusion-builder-column-12 fusion_builder_column_1_1 1_1 fusion-one-full fusion-column-first fusion-column-last\" style=\"--awb-bg-size:cover;--awb-margin-bottom:25px;\" data-scroll-devices=\"small-visibility,medium-visibility,large-visibility\"><div class=\"fusion-column-wrapper fusion-column-has-shadow fusion-flex-column-wrapper-legacy\"><div class=\"fusion-text fusion-text-13\"><p><strong>Szak\u00e9rtelem \u00e9s min\u0151s\u00e9g<\/strong><\/p>\n<p>A Helia-D t\u00f6bb mint 40 \u00e9ves tapasztalata garancia a megb\u00edzhat\u00f3s\u00e1gra. A professzion\u00e1lis term\u00e9kek fejleszt\u00e9se sor\u00e1n a szakmai visszajelz\u00e9sek kiemelt szerepet kapnak \u2013 referencia kozmetikusaink akt\u00edvan r\u00e9szt vesznek a tesztel\u00e9sben.<\/p>\n<p><strong>Folyamatos innov\u00e1ci\u00f3<\/strong><\/p>\n<p>Saj\u00e1t fejleszt\u0151 r\u00e9szleg\u00fcnk naprak\u00e9szen k\u00f6veti a nemzetk\u00f6zi trendeket. A term\u00e9keket mi magunk gy\u00e1rtjuk \u00e9s disztribu\u00e1ljuk, \u00edgy rugalmasan tudunk reag\u00e1lni a kozmetikusok ig\u00e9nyeire.<\/p>\n<p><strong>Hazai \u00e9rt\u00e9kek, k\u00f6zvetlen kapcsolat<\/strong><\/p>\n<p>Magyar gy\u00e1rt\u00f3k\u00e9nt j\u00f3l ismerj\u00fck a hazai piac saj\u00e1toss\u00e1gait. Rendszeresen jelen vagyunk szakmai ki\u00e1ll\u00edt\u00e1sokon, f\u00f3rumokon, \u00e9s egy\u00fcttm\u0171k\u00f6d\u00fcnk kozmetikusk\u00e9pz\u0151 int\u00e9zm\u00e9nyekkel. Nyitottak vagyunk a visszajelz\u00e9sekre, javaslatokra \u2013 n\u00e1lunk a szakemberek val\u00f3ban sz\u00e1m\u00edtanak.<\/p>\n<p><strong>Fenntarthat\u00f3s\u00e1g \u00e9s felel\u0151ss\u00e9g<\/strong><\/p>\n<p>T\u00f6reksz\u00fcnk a k\u00f6rnyezetbar\u00e1t csomagol\u00e1sra, \u00e9s akt\u00edvan t\u00e1mogatjuk a hazai gyermekeg\u00e9szs\u00e9g\u00fcgyet \u2013 p\u00e9ld\u00e1ul a Bethesda Gyermekk\u00f3rh\u00e1zat \u00e9s a T\u0171zolt\u00f3 utcai Gyerekklinik\u00e1t.<\/p>\n<\/div><div class=\"fusion-clearfix\"><\/div><\/div><\/div><div class=\"fusion-layout-column fusion_builder_column fusion-builder-column-13 fusion_builder_column_1_1 1_1 fusion-one-full fusion-column-first fusion-column-last\" style=\"--awb-bg-size:cover;--awb-margin-bottom:25px;\" data-scroll-devices=\"small-visibility,medium-visibility,large-visibility\"><div class=\"fusion-column-wrapper fusion-column-has-shadow fusion-flex-column-wrapper-legacy\"><div class=\"fusion-text fusion-text-14\"><p><strong>A Helia Derma Professional nem csup\u00e1n egy \u00faj n\u00e9v \u2013 egy \u00faj szeml\u00e9let, amely a szak\u00e9rtelemre, az innov\u00e1ci\u00f3ra \u00e9s a kozmetikusokkal val\u00f3 szoros egy\u00fcttm\u0171k\u00f6d\u00e9sre \u00e9p\u00fcl. Fedezd fel a meg\u00fajult term\u00e9keket, \u00e9s tapasztald meg, hogyan v\u00e1lik a professzion\u00e1lis b\u0151r\u00e1pol\u00e1s m\u00e9g hat\u00e9konyabb\u00e1, m\u00e9g l\u00e1tv\u00e1nyosabb\u00e1 \u2013 \u00e9s m\u00e9g ink\u00e1bb a Te kezedbe adja a sikert.<\/strong><\/p>\n<\/div><div class=\"fusion-clearfix\"><\/div><\/div><\/div><\/div><\/div>\n","protected":false},"excerpt":{"rendered":"","protected":false},"author":5,"featured_media":23368,"comment_status":"closed","ping_status":"open","sticky":false,"template":"","format":"standard","meta":{"inline_featured_image":false,"footnotes":""},"categories":[24],"tags":[],"class_list":["post-23367","post","type-post","status-publish","format-standard","has-post-thumbnail","hentry","category-hirek"],"yoast_head":"<!-- This site is optimized with the Yoast SEO plugin v27.3 - https:\/\/yoast.com\/product\/yoast-seo-wordpress\/ -->\n<title>Meg\u00fajul a Helia-D Professional \u2013 Itt a Helia Derma Professional! - Helia D Professional<\/title>\n<meta name=\"robots\" content=\"index, follow, max-snippet:-1, max-image-preview:large, max-video-preview:-1\" \/>\n<link rel=\"canonical\" href=\"https:\/\/heliadprofessional.com\/hu\/megujul-a-helia-d-professional-itt-a-helia-derma-professional\/\" \/>\n<meta property=\"og:locale\" content=\"hu_HU\" \/>\n<meta property=\"og:type\" content=\"article\" \/>\n<meta property=\"og:title\" content=\"Meg\u00fajul a Helia-D Professional \u2013 Itt a Helia Derma Professional! - Helia D Professional\" \/>\n<meta property=\"og:url\" content=\"https:\/\/heliadprofessional.com\/hu\/megujul-a-helia-d-professional-itt-a-helia-derma-professional\/\" \/>\n<meta property=\"og:site_name\" content=\"Helia D Professional\" \/>\n<meta property=\"article:publisher\" content=\"https:\/\/www.facebook.com\/HeliaDProfessional\" \/>\n<meta property=\"article:published_time\" content=\"2025-11-06T14:50:57+00:00\" \/>\n<meta property=\"article:modified_time\" content=\"2025-11-06T14:51:28+00:00\" \/>\n<meta property=\"og:image\" content=\"https:\/\/heliadprofessional.com\/wp-content\/uploads\/2025\/11\/banner_derma_640x320.jpg\" \/>\n\t<meta property=\"og:image:width\" content=\"640\" \/>\n\t<meta property=\"og:image:height\" content=\"320\" \/>\n\t<meta property=\"og:image:type\" content=\"image\/jpeg\" \/>\n<meta name=\"author\" content=\"Krizsanyik G\u00e1bor\" \/>\n<meta name=\"twitter:card\" content=\"summary_large_image\" \/>\n<script type=\"application\/ld+json\" class=\"yoast-schema-graph\">{\"@context\":\"https:\\\/\\\/schema.org\",\"@graph\":[{\"@type\":\"Article\",\"@id\":\"https:\\\/\\\/heliadprofessional.com\\\/hu\\\/megujul-a-helia-d-professional-itt-a-helia-derma-professional\\\/#article\",\"isPartOf\":{\"@id\":\"https:\\\/\\\/heliadprofessional.com\\\/hu\\\/megujul-a-helia-d-professional-itt-a-helia-derma-professional\\\/\"},\"author\":{\"name\":\"Krizsanyik G\u00e1bor\",\"@id\":\"https:\\\/\\\/heliadprofessional.com\\\/hu\\\/#\\\/schema\\\/person\\\/8bbb628ae810a3976adcd744265706b0\"},\"headline\":\"Meg\u00fajul a Helia-D Professional \u2013 Itt a Helia Derma Professional!\",\"datePublished\":\"2025-11-06T14:50:57+00:00\",\"dateModified\":\"2025-11-06T14:51:28+00:00\",\"mainEntityOfPage\":{\"@id\":\"https:\\\/\\\/heliadprofessional.com\\\/hu\\\/megujul-a-helia-d-professional-itt-a-helia-derma-professional\\\/\"},\"wordCount\":11546,\"image\":{\"@id\":\"https:\\\/\\\/heliadprofessional.com\\\/hu\\\/megujul-a-helia-d-professional-itt-a-helia-derma-professional\\\/#primaryimage\"},\"thumbnailUrl\":\"https:\\\/\\\/heliadprofessional.com\\\/wp-content\\\/uploads\\\/2025\\\/11\\\/banner_derma_640x320.jpg\",\"articleSection\":[\"H\u00edrek\"],\"inLanguage\":\"hu\"},{\"@type\":\"WebPage\",\"@id\":\"https:\\\/\\\/heliadprofessional.com\\\/hu\\\/megujul-a-helia-d-professional-itt-a-helia-derma-professional\\\/\",\"url\":\"https:\\\/\\\/heliadprofessional.com\\\/hu\\\/megujul-a-helia-d-professional-itt-a-helia-derma-professional\\\/\",\"name\":\"Meg\u00fajul a Helia-D Professional \u2013 Itt a Helia Derma Professional! - Helia D Professional\",\"isPartOf\":{\"@id\":\"https:\\\/\\\/heliadprofessional.com\\\/hu\\\/#website\"},\"primaryImageOfPage\":{\"@id\":\"https:\\\/\\\/heliadprofessional.com\\\/hu\\\/megujul-a-helia-d-professional-itt-a-helia-derma-professional\\\/#primaryimage\"},\"image\":{\"@id\":\"https:\\\/\\\/heliadprofessional.com\\\/hu\\\/megujul-a-helia-d-professional-itt-a-helia-derma-professional\\\/#primaryimage\"},\"thumbnailUrl\":\"https:\\\/\\\/heliadprofessional.com\\\/wp-content\\\/uploads\\\/2025\\\/11\\\/banner_derma_640x320.jpg\",\"datePublished\":\"2025-11-06T14:50:57+00:00\",\"dateModified\":\"2025-11-06T14:51:28+00:00\",\"author\":{\"@id\":\"https:\\\/\\\/heliadprofessional.com\\\/hu\\\/#\\\/schema\\\/person\\\/8bbb628ae810a3976adcd744265706b0\"},\"inLanguage\":\"hu\",\"potentialAction\":[{\"@type\":\"ReadAction\",\"target\":[\"https:\\\/\\\/heliadprofessional.com\\\/hu\\\/megujul-a-helia-d-professional-itt-a-helia-derma-professional\\\/\"]}]},{\"@type\":\"ImageObject\",\"inLanguage\":\"hu\",\"@id\":\"https:\\\/\\\/heliadprofessional.com\\\/hu\\\/megujul-a-helia-d-professional-itt-a-helia-derma-professional\\\/#primaryimage\",\"url\":\"https:\\\/\\\/heliadprofessional.com\\\/wp-content\\\/uploads\\\/2025\\\/11\\\/banner_derma_640x320.jpg\",\"contentUrl\":\"https:\\\/\\\/heliadprofessional.com\\\/wp-content\\\/uploads\\\/2025\\\/11\\\/banner_derma_640x320.jpg\",\"width\":640,\"height\":320},{\"@type\":\"WebSite\",\"@id\":\"https:\\\/\\\/heliadprofessional.com\\\/hu\\\/#website\",\"url\":\"https:\\\/\\\/heliadprofessional.com\\\/hu\\\/\",\"name\":\"Helia D Professional\",\"description\":\"Helia D Professional\",\"potentialAction\":[{\"@type\":\"SearchAction\",\"target\":{\"@type\":\"EntryPoint\",\"urlTemplate\":\"https:\\\/\\\/heliadprofessional.com\\\/hu\\\/?s={search_term_string}\"},\"query-input\":{\"@type\":\"PropertyValueSpecification\",\"valueRequired\":true,\"valueName\":\"search_term_string\"}}],\"inLanguage\":\"hu\"},{\"@type\":\"Person\",\"@id\":\"https:\\\/\\\/heliadprofessional.com\\\/hu\\\/#\\\/schema\\\/person\\\/8bbb628ae810a3976adcd744265706b0\",\"name\":\"Krizsanyik G\u00e1bor\",\"image\":{\"@type\":\"ImageObject\",\"inLanguage\":\"hu\",\"@id\":\"https:\\\/\\\/secure.gravatar.com\\\/avatar\\\/2dc044e2dc18b4b7bf0b73d797a7198fa92e36786f1d75ca772671f95e6c4b2b?s=96&d=mm&r=g\",\"url\":\"https:\\\/\\\/secure.gravatar.com\\\/avatar\\\/2dc044e2dc18b4b7bf0b73d797a7198fa92e36786f1d75ca772671f95e6c4b2b?s=96&d=mm&r=g\",\"contentUrl\":\"https:\\\/\\\/secure.gravatar.com\\\/avatar\\\/2dc044e2dc18b4b7bf0b73d797a7198fa92e36786f1d75ca772671f95e6c4b2b?s=96&d=mm&r=g\",\"caption\":\"Krizsanyik G\u00e1bor\"},\"url\":\"https:\\\/\\\/heliadprofessional.com\\\/hu\\\/author\\\/simplesite\\\/\"}]}<\/script>\n<!-- \/ Yoast SEO plugin. -->","yoast_head_json":{"title":"Meg\u00fajul a Helia-D Professional \u2013 Itt a Helia Derma Professional! - Helia D Professional","robots":{"index":"index","follow":"follow","max-snippet":"max-snippet:-1","max-image-preview":"max-image-preview:large","max-video-preview":"max-video-preview:-1"},"canonical":"https:\/\/heliadprofessional.com\/hu\/megujul-a-helia-d-professional-itt-a-helia-derma-professional\/","og_locale":"hu_HU","og_type":"article","og_title":"Meg\u00fajul a Helia-D Professional \u2013 Itt a Helia Derma Professional! - Helia D Professional","og_url":"https:\/\/heliadprofessional.com\/hu\/megujul-a-helia-d-professional-itt-a-helia-derma-professional\/","og_site_name":"Helia D Professional","article_publisher":"https:\/\/www.facebook.com\/HeliaDProfessional","article_published_time":"2025-11-06T14:50:57+00:00","article_modified_time":"2025-11-06T14:51:28+00:00","og_image":[{"width":640,"height":320,"url":"https:\/\/heliadprofessional.com\/wp-content\/uploads\/2025\/11\/banner_derma_640x320.jpg","type":"image\/jpeg"}],"author":"Krizsanyik G\u00e1bor","twitter_card":"summary_large_image","schema":{"@context":"https:\/\/schema.org","@graph":[{"@type":"Article","@id":"https:\/\/heliadprofessional.com\/hu\/megujul-a-helia-d-professional-itt-a-helia-derma-professional\/#article","isPartOf":{"@id":"https:\/\/heliadprofessional.com\/hu\/megujul-a-helia-d-professional-itt-a-helia-derma-professional\/"},"author":{"name":"Krizsanyik G\u00e1bor","@id":"https:\/\/heliadprofessional.com\/hu\/#\/schema\/person\/8bbb628ae810a3976adcd744265706b0"},"headline":"Meg\u00fajul a Helia-D Professional \u2013 Itt a Helia Derma Professional!","datePublished":"2025-11-06T14:50:57+00:00","dateModified":"2025-11-06T14:51:28+00:00","mainEntityOfPage":{"@id":"https:\/\/heliadprofessional.com\/hu\/megujul-a-helia-d-professional-itt-a-helia-derma-professional\/"},"wordCount":11546,"image":{"@id":"https:\/\/heliadprofessional.com\/hu\/megujul-a-helia-d-professional-itt-a-helia-derma-professional\/#primaryimage"},"thumbnailUrl":"https:\/\/heliadprofessional.com\/wp-content\/uploads\/2025\/11\/banner_derma_640x320.jpg","articleSection":["H\u00edrek"],"inLanguage":"hu"},{"@type":"WebPage","@id":"https:\/\/heliadprofessional.com\/hu\/megujul-a-helia-d-professional-itt-a-helia-derma-professional\/","url":"https:\/\/heliadprofessional.com\/hu\/megujul-a-helia-d-professional-itt-a-helia-derma-professional\/","name":"Meg\u00fajul a Helia-D Professional \u2013 Itt a Helia Derma Professional! - Helia D Professional","isPartOf":{"@id":"https:\/\/heliadprofessional.com\/hu\/#website"},"primaryImageOfPage":{"@id":"https:\/\/heliadprofessional.com\/hu\/megujul-a-helia-d-professional-itt-a-helia-derma-professional\/#primaryimage"},"image":{"@id":"https:\/\/heliadprofessional.com\/hu\/megujul-a-helia-d-professional-itt-a-helia-derma-professional\/#primaryimage"},"thumbnailUrl":"https:\/\/heliadprofessional.com\/wp-content\/uploads\/2025\/11\/banner_derma_640x320.jpg","datePublished":"2025-11-06T14:50:57+00:00","dateModified":"2025-11-06T14:51:28+00:00","author":{"@id":"https:\/\/heliadprofessional.com\/hu\/#\/schema\/person\/8bbb628ae810a3976adcd744265706b0"},"inLanguage":"hu","potentialAction":[{"@type":"ReadAction","target":["https:\/\/heliadprofessional.com\/hu\/megujul-a-helia-d-professional-itt-a-helia-derma-professional\/"]}]},{"@type":"ImageObject","inLanguage":"hu","@id":"https:\/\/heliadprofessional.com\/hu\/megujul-a-helia-d-professional-itt-a-helia-derma-professional\/#primaryimage","url":"https:\/\/heliadprofessional.com\/wp-content\/uploads\/2025\/11\/banner_derma_640x320.jpg","contentUrl":"https:\/\/heliadprofessional.com\/wp-content\/uploads\/2025\/11\/banner_derma_640x320.jpg","width":640,"height":320},{"@type":"WebSite","@id":"https:\/\/heliadprofessional.com\/hu\/#website","url":"https:\/\/heliadprofessional.com\/hu\/","name":"Helia D Professional","description":"Helia D Professional","potentialAction":[{"@type":"SearchAction","target":{"@type":"EntryPoint","urlTemplate":"https:\/\/heliadprofessional.com\/hu\/?s={search_term_string}"},"query-input":{"@type":"PropertyValueSpecification","valueRequired":true,"valueName":"search_term_string"}}],"inLanguage":"hu"},{"@type":"Person","@id":"https:\/\/heliadprofessional.com\/hu\/#\/schema\/person\/8bbb628ae810a3976adcd744265706b0","name":"Krizsanyik G\u00e1bor","image":{"@type":"ImageObject","inLanguage":"hu","@id":"https:\/\/secure.gravatar.com\/avatar\/2dc044e2dc18b4b7bf0b73d797a7198fa92e36786f1d75ca772671f95e6c4b2b?s=96&d=mm&r=g","url":"https:\/\/secure.gravatar.com\/avatar\/2dc044e2dc18b4b7bf0b73d797a7198fa92e36786f1d75ca772671f95e6c4b2b?s=96&d=mm&r=g","contentUrl":"https:\/\/secure.gravatar.com\/avatar\/2dc044e2dc18b4b7bf0b73d797a7198fa92e36786f1d75ca772671f95e6c4b2b?s=96&d=mm&r=g","caption":"Krizsanyik G\u00e1bor"},"url":"https:\/\/heliadprofessional.com\/hu\/author\/simplesite\/"}]}},"_links":{"self":[{"href":"https:\/\/heliadprofessional.com\/hu\/wp-json\/wp\/v2\/posts\/23367","targetHints":{"allow":["GET"]}}],"collection":[{"href":"https:\/\/heliadprofessional.com\/hu\/wp-json\/wp\/v2\/posts"}],"about":[{"href":"https:\/\/heliadprofessional.com\/hu\/wp-json\/wp\/v2\/types\/post"}],"author":[{"embeddable":true,"href":"https:\/\/heliadprofessional.com\/hu\/wp-json\/wp\/v2\/users\/5"}],"replies":[{"embeddable":true,"href":"https:\/\/heliadprofessional.com\/hu\/wp-json\/wp\/v2\/comments?post=23367"}],"version-history":[{"count":2,"href":"https:\/\/heliadprofessional.com\/hu\/wp-json\/wp\/v2\/posts\/23367\/revisions"}],"predecessor-version":[{"id":23370,"href":"https:\/\/heliadprofessional.com\/hu\/wp-json\/wp\/v2\/posts\/23367\/revisions\/23370"}],"wp:featuredmedia":[{"embeddable":true,"href":"https:\/\/heliadprofessional.com\/hu\/wp-json\/wp\/v2\/media\/23368"}],"wp:attachment":[{"href":"https:\/\/heliadprofessional.com\/hu\/wp-json\/wp\/v2\/media?parent=23367"}],"wp:term":[{"taxonomy":"category","embeddable":true,"href":"https:\/\/heliadprofessional.com\/hu\/wp-json\/wp\/v2\/categories?post=23367"},{"taxonomy":"post_tag","embeddable":true,"href":"https:\/\/heliadprofessional.com\/hu\/wp-json\/wp\/v2\/tags?post=23367"}],"curies":[{"name":"wp","href":"https:\/\/api.w.org\/{rel}","templated":true}]}}